{"id":776,"date":"2016-02-18T19:31:30","date_gmt":"2016-02-18T22:31:30","guid":{"rendered":"http:\/\/guiadenoticias.com.ar\/diario\/?p=776"},"modified":"2016-02-18T19:32:56","modified_gmt":"2016-02-18T22:32:56","slug":"vidal-recibio-a-perez-esquivel","status":"publish","type":"post","link":"https:\/\/guiadenoticias.com.ar\/diario\/vidal-recibio-a-perez-esquivel\/","title":{"rendered":"Vidal recibi\u00f3 a P\u00e9rez Esquivel"},"content":{"rendered":"<p>\u201cPresentamos nuestra preocupaci\u00f3n por la grave situaci\u00f3n de los derechos humanos en la Provincia\u201d, expres\u00f3 Adolfo P\u00e9rez Esquivel, presidente de la Comisi\u00f3n Provincial por la Memoria (CPM), tras la reuni\u00f3n con la gobernadora Mar\u00eda Eugenia Vidal. Como un organismo aut\u00f3nomo y p\u00fablico, y basado en su larga trayectoria, la CPM expuso la necesidad de promover pol\u00edticas p\u00fablicas en materia de protecci\u00f3n y defensa de los derechos humanos y profundizar las pol\u00edticas de memoria.<\/p>\n<p>\u201cJuicios de lesa humanidad, desclasificaci\u00f3n de archivos de la represi\u00f3n, situaci\u00f3n carcelaria, polic\u00eda bonaerense, polic\u00eda judicial, pol\u00edticas de ni\u00f1ez y salud mental\u201d, enumer\u00f3 P\u00e9rez Esquivel sobre los temas que exigen una intervenci\u00f3n inmediata y pol\u00edticas estructurales que se sostengan en el tiempo.<\/p>\n<p>El encuentro se realiz\u00f3 en la sede de la Gobernaci\u00f3n y cont\u00f3 tambi\u00e9n con la presencia del secretario de Derechos Humanos, Santiago Cant\u00f3n. Junto al presidente de la CPM, estuvieron los integrantes del organismo Nora Corti\u00f1as, Leopoldo Schiffrin, V\u00edctor Mendibil, Elisa Carca, Mauricio Tenembaum, Roberto Cipriano Garc\u00eda, V\u00edctor De Gennaro, Ana Barletta; y la directora general de \u00c1reas, Sandra Raggio.<\/p>\n<p>Durante la reuni\u00f3n, la CPM expuso el trabajo que realiza como organismo de monitoreo de los lugares de encierro y control de las pol\u00edticas de seguridad y pr\u00e1cticas judiciales, como as\u00ed tambi\u00e9n su labor en la gesti\u00f3n y preservaci\u00f3n de archivos, investigaci\u00f3n y educaci\u00f3n. Al mismo tiempo, le llev\u00f3 a la gobernadora Vidal un documento que contiene seis puntos centrales de la agenda de derechos humanos y las pol\u00edticas de memoria en la Provincia: pol\u00edtica de seguridad democr\u00e1tica, pol\u00edtica penitenciaria, ni\u00f1ez y adolescencia, salud mental, justicia y pol\u00edticas de verdad, justicia y memoria. El acuerdo fue seguir cada tema en articulaci\u00f3n con el ministerio correspondiente.<\/p>\n<p>\u201cCentralmente, le transmitimos la gravedad y preocupaci\u00f3n permanente por los hechos de torturas como una pr\u00e1ctica sistem\u00e1tica en el Servicio Penitenciario Bonaerense (SPB), en los institutos de j\u00f3venes, los neuropsiqui\u00e1tricos y en el despliegue policial en el territorio. Para transformar esta situaci\u00f3n extrema de violaciones a los derechos humanos, es necesario democratizar las fuerzas de seguridad y generar \u00e1mbitos para su control, entre otras medidas que requieren de una firme decisi\u00f3n pol\u00edtica para transformarlas\u201d, explic\u00f3 el integrante de la CPM, Roberto Cipriano Garc\u00eda.<\/p>\n<p>\u201cTambi\u00e9n planteamos el desacuerdo con la designaci\u00f3n de Fernando D\u00edaz al frente del SPB y nuestro rechazo a las declaraciones de emergencia en seguridad, tanto a nivel provincial como nacional\u201d, agreg\u00f3.<\/p>\n<p>Asimismo, la Comisi\u00f3n plante\u00f3 la necesidad de iniciar una verdadera lucha contra la corrupci\u00f3n policial y penitenciaria, y solicit\u00f3 el cumplimiento del Protocolo Facultativo a la Convenci\u00f3n contra la Tortura.<\/p>\n<p>En el marco de esta reuni\u00f3n y atendiendo a los puntos conversados durante el encuentro, P\u00e9rez Esquivel precis\u00f3 que \u201cla gobernadora nos encomend\u00f3 que dise\u00f1emos tres propuestas concretas de nuestra agenda de trabajo para promover pol\u00edticas p\u00fablicas que puedan ser implementadas y evaluadas de ac\u00e1 a fin de a\u00f1o\u201d. Al mismo tiempo, valor\u00f3 el \u201ccompromiso de Vidal para acompa\u00f1ar los juicios por los delitos de lesa humanidad\u00bb.<\/p>\n<p>Entre los temas tratados, P\u00e9rez Esquivel tambi\u00e9n destac\u00f3 la posibilidad de firmar un convenio para que los archivos de la Secretar\u00eda de Derechos Humanos sean digitalizados y preservados por la CPM.<\/p>\n<p>En el documento presentado a la gobernadora est\u00e1 expuesta tambi\u00e9n la preocupaci\u00f3n por las pol\u00edticas de ni\u00f1ez y adolescencia, el desfinanciamiento de todo el sistema de promoci\u00f3n y protecci\u00f3n, la criminalizaci\u00f3n de la protesta social, la ley antiterrorista y un planteo de la creaci\u00f3n de una comisi\u00f3n investigadora para saber qu\u00e9 pas\u00f3 con Jorge Julio L\u00f3pez.<\/p>\n","protected":false},"excerpt":{"rendered":"<p>\u201cPresentamos nuestra preocupaci\u00f3n por la grave situaci\u00f3n de los derechos humanos en la Provincia\u201d, expres\u00f3 Adolfo P\u00e9rez Esquivel, presidente de la Comisi\u00f3n Provincial por la Memoria (CPM), tras la reuni\u00f3n con la gobernadora Mar\u00eda Eugenia Vidal. Como un organismo aut\u00f3nomo y p\u00fablico, y basado en su larga trayectoria, la CPM expuso la necesidad de promover [&hellip;]<\/p>\n","protected":false},"author":1,"featured_media":777,"comment_status":"closed","ping_status":"open","sticky":false,"template":"","format":"standard","meta":{"footnotes":""},"categories":[48,31],"tags":[],"class_list":{"0":"post-776","1":"post","2":"type-post","3":"status-publish","4":"format-standard","5":"has-post-thumbnail","7":"category-politica-argentina","8":"category-provincia"},"aioseo_notices":[],"_links":{"self":[{"href":"https:\/\/guiadenoticias.com.ar\/diario\/wp-json\/wp\/v2\/posts\/776","targetHints":{"allow":["GET"]}}],"collection":[{"href":"https:\/\/guiadenoticias.com.ar\/diario\/wp-json\/wp\/v2\/posts"}],"about":[{"href":"https:\/\/guiadenoticias.com.ar\/diario\/wp-json\/wp\/v2\/types\/post"}],"author":[{"embeddable":true,"href":"https:\/\/guiadenoticias.com.ar\/diario\/wp-json\/wp\/v2\/users\/1"}],"replies":[{"embeddable":true,"href":"https:\/\/guiadenoticias.com.ar\/diario\/wp-json\/wp\/v2\/comments?post=776"}],"version-history":[{"count":1,"href":"https:\/\/guiadenoticias.com.ar\/diario\/wp-json\/wp\/v2\/posts\/776\/revisions"}],"predecessor-version":[{"id":778,"href":"https:\/\/guiadenoticias.com.ar\/diario\/wp-json\/wp\/v2\/posts\/776\/revisions\/778"}],"wp:featuredmedia":[{"embeddable":true,"href":"https:\/\/guiadenoticias.com.ar\/diario\/wp-json\/wp\/v2\/media\/777"}],"wp:attachment":[{"href":"https:\/\/guiadenoticias.com.ar\/diario\/wp-json\/wp\/v2\/media?parent=776"}],"wp:term":[{"taxonomy":"category","embeddable":true,"href":"https:\/\/guiadenoticias.com.ar\/diario\/wp-json\/wp\/v2\/categories?post=776"},{"taxonomy":"post_tag","embeddable":true,"href":"https:\/\/guiadenoticias.com.ar\/diario\/wp-json\/wp\/v2\/tags?post=776"}],"curies":[{"name":"wp","href":"https:\/\/api.w.org\/{rel}","templated":true}]}}