{"id":7936,"date":"2017-06-23T22:02:34","date_gmt":"2017-06-24T01:02:34","guid":{"rendered":"http:\/\/guiadenoticias.com.ar\/diario\/?p=7936"},"modified":"2017-06-23T22:17:13","modified_gmt":"2017-06-24T01:17:13","slug":"valenzuela-apuesta-a-un-concejo-con-mayor-presencia-del-pro","status":"publish","type":"post","link":"https:\/\/guiadenoticias.com.ar\/diario\/valenzuela-apuesta-a-un-concejo-con-mayor-presencia-del-pro\/","title":{"rendered":"Valenzuela apuesta a un Concejo con mayor presencia del PRO"},"content":{"rendered":"<p>Un d\u00eda antes de la fecha de cierre de listas trascendi\u00f3 la n\u00f3mina de precandidatos a concejales que presentar\u00e1 Cambiemos Tres de Febrero, en la cual no hay sorpresas con el encabezado, pero s\u00ed un cambio de criterio respecto al armado de 2015. En ese sentido, los primeros lugares son para Hern\u00e1n Lorenzo y Anabel Rodr\u00edguez; pero los socios pol\u00edticos Coalici\u00f3n C\u00edvica y UCR reci\u00e9n aparecen en la s\u00e9ptima y octava ubicaci\u00f3n.<\/p>\n<p>Al secretario General y a la directora de Pol\u00edticas de Juventud le siguen en la boleta Nicol\u00e1s Novello, director de Centros de Atenci\u00f3n al Vecino; Karina Massa, madre de Mat\u00edas Gandolfo, vecino v\u00edctima de la inseguridad; Antonio de Luca, subsecretario de Fiscalizaci\u00f3n y Control; y Marcela Toniolo, subsecretaria de Desarrollo Humano.<\/p>\n<p>El s\u00e9ptimo lugar es finalmente para Fernando Trigo de la CC; en la previa se especul\u00f3 con que ese casillero ser\u00eda para el consejero V\u00edctor Albarrac\u00edn. Octava est\u00e1 Natalia Fern\u00e1ndez, en representaci\u00f3n del radicalismo.<\/p>\n<p>Completan: Alejandro Markman, director de la Radio Municipal; Mar\u00eda Cellilli, al frente del CAV Ciudadela; Diego Garc\u00eda, subsecretario de Participaci\u00f3n Ciudadana, y la secretaria del Ejecutivo Daniela Ramos.<\/p>\n<p>Seg\u00fan los c\u00e1lculos del oficialismo es probable que tras las Primarias, en octubre ingresen entre 6 y 7 ediles; a su vez, quienes est\u00e1n por debajo de esa ubicaci\u00f3n tendr\u00edan cierta chance de ocupar una banca a futuro licencia o renuncias mediante.<\/p>\n<p>En cuanto al Consejo Escolar, Eduardo Maddonni ser\u00e1 quien encabece dicha n\u00f3mina; el actual presidente del Consejo estar\u00eda secundado por una profesional de educaci\u00f3n con trayectoria en gesti\u00f3n p\u00fablica.<\/p>\n","protected":false},"excerpt":{"rendered":"<p>Un d\u00eda antes de la fecha de cierre de listas trascendi\u00f3 la n\u00f3mina de precandidatos a concejales que presentar\u00e1 Cambiemos Tres de Febrero, en la cual no hay sorpresas con el encabezado, pero s\u00ed un cambio de criterio respecto al armado de 2015. En ese sentido, los primeros lugares son para Hern\u00e1n Lorenzo y Anabel [&hellip;]<\/p>\n","protected":false},"author":1,"featured_media":7937,"comment_status":"closed","ping_status":"open","sticky":false,"template":"","format":"standard","meta":{"footnotes":""},"categories":[20,48,26],"tags":[],"class_list":{"0":"post-7936","1":"post","2":"type-post","3":"status-publish","4":"format-standard","5":"has-post-thumbnail","7":"category-municipios","8":"category-politica-argentina","9":"category-tres-de-febrero"},"aioseo_notices":[],"_links":{"self":[{"href":"https:\/\/guiadenoticias.com.ar\/diario\/wp-json\/wp\/v2\/posts\/7936","targetHints":{"allow":["GET"]}}],"collection":[{"href":"https:\/\/guiadenoticias.com.ar\/diario\/wp-json\/wp\/v2\/posts"}],"about":[{"href":"https:\/\/guiadenoticias.com.ar\/diario\/wp-json\/wp\/v2\/types\/post"}],"author":[{"embeddable":true,"href":"https:\/\/guiadenoticias.com.ar\/diario\/wp-json\/wp\/v2\/users\/1"}],"replies":[{"embeddable":true,"href":"https:\/\/guiadenoticias.com.ar\/diario\/wp-json\/wp\/v2\/comments?post=7936"}],"version-history":[{"count":4,"href":"https:\/\/guiadenoticias.com.ar\/diario\/wp-json\/wp\/v2\/posts\/7936\/revisions"}],"predecessor-version":[{"id":7941,"href":"https:\/\/guiadenoticias.com.ar\/diario\/wp-json\/wp\/v2\/posts\/7936\/revisions\/7941"}],"wp:featuredmedia":[{"embeddable":true,"href":"https:\/\/guiadenoticias.com.ar\/diario\/wp-json\/wp\/v2\/media\/7937"}],"wp:attachment":[{"href":"https:\/\/guiadenoticias.com.ar\/diario\/wp-json\/wp\/v2\/media?parent=7936"}],"wp:term":[{"taxonomy":"category","embeddable":true,"href":"https:\/\/guiadenoticias.com.ar\/diario\/wp-json\/wp\/v2\/categories?post=7936"},{"taxonomy":"post_tag","embeddable":true,"href":"https:\/\/guiadenoticias.com.ar\/diario\/wp-json\/wp\/v2\/tags?post=7936"}],"curies":[{"name":"wp","href":"https:\/\/api.w.org\/{rel}","templated":true}]}}