{"id":8076,"date":"2017-07-03T02:29:50","date_gmt":"2017-07-03T05:29:50","guid":{"rendered":"http:\/\/guiadenoticias.com.ar\/diario\/?p=8076"},"modified":"2017-07-03T02:30:04","modified_gmt":"2017-07-03T05:30:04","slug":"catalina-riganti-no-somos-politicos-tradicionales","status":"publish","type":"post","link":"https:\/\/guiadenoticias.com.ar\/diario\/catalina-riganti-no-somos-politicos-tradicionales\/","title":{"rendered":"Catalina Riganti: \u00abNo somos pol\u00edticos tradicionales\u00bb"},"content":{"rendered":"<p>Naci\u00f3 y a las pocas horas ya era foco de los flashes y las c\u00e1maras junto a sus cuatro hermanos. Hoy, a sus 25 a\u00f1os, Catalina Riganti vuelve a concentrar la atenci\u00f3n del periodismo nacional con su postulaci\u00f3n al Concejo Deliberante de San Isidro. En el bunker de ConVocaci\u00f3n, sus compa\u00f1eros y dirigentes no est\u00e1n celosos de su fama. M\u00e1s a\u00fan, celebran que \u00abnunca tuvimos tanta prensa\u00bb, pero internamente la reconocen como m\u00e1s que un apellido conocido.<\/p>\n<p>Riganti firm\u00f3 como precandidata a concejal en la n\u00f3mina del partido vecinal ConVocaci\u00f3n por San Isidro. Tras una elecci\u00f3n interna, realizada por internet, los vecinos la eligieron en segundo lugar en la lista, detr\u00e1s del actual presidente de bancada, Manuel Abella Nazar.<\/p>\n<p>Por su parte, ante quienes cuestionan su capacidad debido a su juventud responde: \u00ab\u00bfEstamos midiendo la edad o la experiencia? Calle tengo y la sigo adquiriendo d\u00eda a d\u00eda\u00bb. Ya a los 17 a\u00f1os se involucr\u00f3 con el activismo solidario a trav\u00e9s de la organizaci\u00f3n Techo. Construy\u00f3 viviendas en todo el pa\u00eds y Latinoam\u00e9rica.<\/p>\n<p>Licenciada en Relaciones P\u00fablicas, trabajaba en la comunicaci\u00f3n de empresas farmac\u00e9uticas, pero a su vez destinaba importancia a la solidaridad, hasta que este activismo se volvi\u00f3 su prioridad y renunci\u00f3 a su puesto laboral. \u00abEl click lo hice cuando daba clases de ingl\u00e9s en un asentamiento en Colombia. Me result\u00f3 triste ver que en cualquier ciudad de Latinoam\u00e9rica las carencias son las mismas\u00bb, revel\u00f3 a Gu\u00eda de Noticias.<\/p>\n<p>Hoy, Riganti es coordinadora de voluntariado en la fuerza pol\u00edtica vecinal. Se encarga de que las personas se sumen a espacios como equipos t\u00e9cnicos de especialistas que debaten iniciativas que pasan al Concejo Deliberante, o a actividades ambientales como limpiar la costa del R\u00edo de la Plata.<\/p>\n<p>Pero, su gran preocupaci\u00f3n es lograr la urbanizaci\u00f3n de los asentamientos precarios que se enclavan en San Isidro. \u00abVivo a cuatro cuadras de La Cava, y en\u00a0 2011 me met\u00ed y estaba parada en m\u00ed misma calle pero dentro de otra realidad. Hice un click y me propuse trabajar por los asentamientos y enfocarme en lo local\u00bb. Por eso se mueve \u00abvisitando los barrios, relevando las necesidades de los vecinos y estudiando modelos de otras ciudades que solucionaron el acceso a la vivienda digna\u00bb.<\/p>\n<p>\u00abEn nuestro distrito hay 16 villas, que ya dejaron de ser de emergencia porque est\u00e1n hace 50 a\u00f1os. Componen el 10% de la poblaci\u00f3n, 30 mil personas. Esto es muy triste, m\u00e1s sabiendo los recursos con los que cuenta el municipio\u00bb, lamenta. Para este fin, la precandidata promueve un proyecto para que la Comuna destine el 5% de sus fondos en construcci\u00f3n de viviendas sociales. \u00abPodemos empezar con apertura de calles y servicios b\u00e1sicos\u00bb, propone.<\/p>\n<p>\u00abLos pol\u00edticos tradicionales como la familia Posse no planifican a m\u00e1s de cuatro a\u00f1os, o incluso dos\u00bb, diagnostica. \u00abNo quieren dejar nada que pueda llegar a verse terminado en un futura gesti\u00f3n, solo emparchan. Pero nosotros no somos pol\u00edticos tradicionales\u00bb.<\/p>\n<p><strong>\u00bfAntes ten\u00edas prejuicios sobre la pol\u00edtica?<\/strong><\/p>\n<p>Los mismos que todos, que no es transparente, es deshonesta, es sucia. Pero me pregunt\u00e9 por qu\u00e9 no se puede cambiar la pol\u00edtica, por qu\u00e9 no puede haber gente honesta. No nos podemos quejar de algo si no hacemos nada para que cambie. O sea, o me quejo de la pol\u00edtica, o me meto en ella y la transformo. Esta \u00faltima fue mi elecci\u00f3n y cada d\u00eda descubro que no es la pol\u00edtica la turbia sino los pol\u00edticos.<\/p>\n<p><strong>\u00bfPor qu\u00e9 te involucraste con el vecinalismo?<\/strong><\/p>\n<p>Porque no s\u00f3lo prioriza lo local, sino que no estamos atados a banderas nacionales, no tenemos\u00a0 bajada de l\u00ednea y hay mucho pluralismo dentro del partido. Sobre la realidad nacional, cada uno tiene sus ideas, pero a nivel local estamos todos por San Isidro. Por otro lado encontr\u00e9 gente joven y predispuesta, algunos vienen del voluntariado, la misi\u00f3n, de diferentes ambientes que pueden ir adelante por una causa com\u00fan. Tambi\u00e9n a concejales como Manuel Abella y Marcos Hilding-Ohlsson, que me guiaron y me ense\u00f1aron. Y que en el a\u00f1o que no hay elecciones salimos a la calle igual, todos los d\u00edas. Somos pol\u00edticos distintos y la gente lo empieza a reconocer. A los vecinos los escuchamos y les pedimos que se involucren.<\/p>\n","protected":false},"excerpt":{"rendered":"<p>Naci\u00f3 y a las pocas horas ya era foco de los flashes y las c\u00e1maras junto a sus cuatro hermanos. Hoy, a sus 25 a\u00f1os, Catalina Riganti vuelve a concentrar la atenci\u00f3n del periodismo nacional con su postulaci\u00f3n al Concejo Deliberante de San Isidro. En el bunker de ConVocaci\u00f3n, sus compa\u00f1eros y dirigentes no est\u00e1n [&hellip;]<\/p>\n","protected":false},"author":1,"featured_media":8077,"comment_status":"closed","ping_status":"open","sticky":false,"template":"","format":"standard","meta":{"footnotes":""},"categories":[20,48,21],"tags":[],"class_list":{"0":"post-8076","1":"post","2":"type-post","3":"status-publish","4":"format-standard","5":"has-post-thumbnail","7":"category-municipios","8":"category-politica-argentina","9":"category-san-isidro"},"aioseo_notices":[],"_links":{"self":[{"href":"https:\/\/guiadenoticias.com.ar\/diario\/wp-json\/wp\/v2\/posts\/8076","targetHints":{"allow":["GET"]}}],"collection":[{"href":"https:\/\/guiadenoticias.com.ar\/diario\/wp-json\/wp\/v2\/posts"}],"about":[{"href":"https:\/\/guiadenoticias.com.ar\/diario\/wp-json\/wp\/v2\/types\/post"}],"author":[{"embeddable":true,"href":"https:\/\/guiadenoticias.com.ar\/diario\/wp-json\/wp\/v2\/users\/1"}],"replies":[{"embeddable":true,"href":"https:\/\/guiadenoticias.com.ar\/diario\/wp-json\/wp\/v2\/comments?post=8076"}],"version-history":[{"count":1,"href":"https:\/\/guiadenoticias.com.ar\/diario\/wp-json\/wp\/v2\/posts\/8076\/revisions"}],"predecessor-version":[{"id":8078,"href":"https:\/\/guiadenoticias.com.ar\/diario\/wp-json\/wp\/v2\/posts\/8076\/revisions\/8078"}],"wp:featuredmedia":[{"embeddable":true,"href":"https:\/\/guiadenoticias.com.ar\/diario\/wp-json\/wp\/v2\/media\/8077"}],"wp:attachment":[{"href":"https:\/\/guiadenoticias.com.ar\/diario\/wp-json\/wp\/v2\/media?parent=8076"}],"wp:term":[{"taxonomy":"category","embeddable":true,"href":"https:\/\/guiadenoticias.com.ar\/diario\/wp-json\/wp\/v2\/categories?post=8076"},{"taxonomy":"post_tag","embeddable":true,"href":"https:\/\/guiadenoticias.com.ar\/diario\/wp-json\/wp\/v2\/tags?post=8076"}],"curies":[{"name":"wp","href":"https:\/\/api.w.org\/{rel}","templated":true}]}}