{"id":8079,"date":"2017-07-03T02:40:12","date_gmt":"2017-07-03T05:40:12","guid":{"rendered":"http:\/\/guiadenoticias.com.ar\/diario\/?p=8079"},"modified":"2017-07-03T02:40:49","modified_gmt":"2017-07-03T05:40:49","slug":"andreotti-inauguro-la-sexta-pileta-climatizada-de-san-fernando","status":"publish","type":"post","link":"https:\/\/guiadenoticias.com.ar\/diario\/andreotti-inauguro-la-sexta-pileta-climatizada-de-san-fernando\/","title":{"rendered":"Andreotti inaugur\u00f3 la sexta pileta climatizada de San Fernando"},"content":{"rendered":"<p>El barrio \u2018Infico\u2019 de San Fernando cuenta ya con la pileta semiol\u00edmpica climatizada del Polideportivo Municipal N\u00b07, un complejo para la recreaci\u00f3n y la contenci\u00f3n social que se present\u00f3 en el \u00faltimo verano. El intendente Luis Andreotti la inaugur\u00f3 acompa\u00f1ado de la secretaria de Salud P\u00fablica, Desarrollo Social y Medio Ambiente, Alicia Aparicio.<\/p>\n<p>Pileta libre, nataci\u00f3n desde los 4 a\u00f1os y aquagym se dictar\u00e1n en esta sede durante el invierno, al igual que en otros 6 polideportivos.<\/p>\n<p>El jefe comunal manifest\u00f3 al respecto: \u201cEs un d\u00eda de alegr\u00eda y agradecimiento a los trabajadores municipales y a los vecinos contribuyentes, porque a trav\u00e9s del pago de sus tasas nosotros podemos tomar estas decisiones pol\u00edticas. Nos planteamos trabajar para la integraci\u00f3n, la inclusi\u00f3n social, la igualdad de oportunidades y bajar la violencia, y yo creo que la recreaci\u00f3n, el deporte, la cultura, la educaci\u00f3n y el medio ambiente ayudan mucho\u201d.<\/p>\n<p>\u201cNos llena de orgullo, queremos que todos los chicos y abuelos la disfruten, para tener una sociedad con menos violencia y que San Fernando crezca con buena gente\u201d, continu\u00f3 Andreotti.<\/p>\n<p>Adem\u00e1s, anticip\u00f3 que \u201cen pocos d\u00edas tendremos la inauguraci\u00f3n del Polideportivo N\u00b08 con la s\u00e9ptima pileta climatizada; construimos el Polideportivo N\u00b09 y empezaremos otra instalaci\u00f3n deportiva cerca del r\u00edo. Sabemos que los vecinos van a cuidar y conservar este gran esfuerzo. Si nos acompa\u00f1an, tendremos un San Fernando mejor por mucho tiempo\u201d.<\/p>\n","protected":false},"excerpt":{"rendered":"<p>El barrio \u2018Infico\u2019 de San Fernando cuenta ya con la pileta semiol\u00edmpica climatizada del Polideportivo Municipal N\u00b07, un complejo para la recreaci\u00f3n y la contenci\u00f3n social que se present\u00f3 en el \u00faltimo verano. El intendente Luis Andreotti la inaugur\u00f3 acompa\u00f1ado de la secretaria de Salud P\u00fablica, Desarrollo Social y Medio Ambiente, Alicia Aparicio. Pileta libre, [&hellip;]<\/p>\n","protected":false},"author":1,"featured_media":8080,"comment_status":"closed","ping_status":"open","sticky":false,"template":"","format":"standard","meta":{"footnotes":""},"categories":[20,22],"tags":[],"class_list":{"0":"post-8079","1":"post","2":"type-post","3":"status-publish","4":"format-standard","5":"has-post-thumbnail","7":"category-municipios","8":"category-san-fernando"},"aioseo_notices":[],"_links":{"self":[{"href":"https:\/\/guiadenoticias.com.ar\/diario\/wp-json\/wp\/v2\/posts\/8079","targetHints":{"allow":["GET"]}}],"collection":[{"href":"https:\/\/guiadenoticias.com.ar\/diario\/wp-json\/wp\/v2\/posts"}],"about":[{"href":"https:\/\/guiadenoticias.com.ar\/diario\/wp-json\/wp\/v2\/types\/post"}],"author":[{"embeddable":true,"href":"https:\/\/guiadenoticias.com.ar\/diario\/wp-json\/wp\/v2\/users\/1"}],"replies":[{"embeddable":true,"href":"https:\/\/guiadenoticias.com.ar\/diario\/wp-json\/wp\/v2\/comments?post=8079"}],"version-history":[{"count":1,"href":"https:\/\/guiadenoticias.com.ar\/diario\/wp-json\/wp\/v2\/posts\/8079\/revisions"}],"predecessor-version":[{"id":8081,"href":"https:\/\/guiadenoticias.com.ar\/diario\/wp-json\/wp\/v2\/posts\/8079\/revisions\/8081"}],"wp:featuredmedia":[{"embeddable":true,"href":"https:\/\/guiadenoticias.com.ar\/diario\/wp-json\/wp\/v2\/media\/8080"}],"wp:attachment":[{"href":"https:\/\/guiadenoticias.com.ar\/diario\/wp-json\/wp\/v2\/media?parent=8079"}],"wp:term":[{"taxonomy":"category","embeddable":true,"href":"https:\/\/guiadenoticias.com.ar\/diario\/wp-json\/wp\/v2\/categories?post=8079"},{"taxonomy":"post_tag","embeddable":true,"href":"https:\/\/guiadenoticias.com.ar\/diario\/wp-json\/wp\/v2\/tags?post=8079"}],"curies":[{"name":"wp","href":"https:\/\/api.w.org\/{rel}","templated":true}]}}