{"id":8101,"date":"2017-07-05T10:46:51","date_gmt":"2017-07-05T13:46:51","guid":{"rendered":"http:\/\/guiadenoticias.com.ar\/diario\/?p=8101"},"modified":"2017-07-05T10:47:47","modified_gmt":"2017-07-05T13:47:47","slug":"gustavo-torres-los-trabajadores-somos-protagonistas-en-esta-lista","status":"publish","type":"post","link":"https:\/\/guiadenoticias.com.ar\/diario\/gustavo-torres-los-trabajadores-somos-protagonistas-en-esta-lista\/","title":{"rendered":"Gustavo Torres: \u201cLos trabajadores somos protagonistas en esta lista\u201d"},"content":{"rendered":"<p>Gustavo Torres es el primer precandidato a concejal de una de las n\u00f3minas del Frente Justicialista Cumplir Tres de Febrero. Hijo del ex senador seccional Ra\u00fal Torres, tambi\u00e9n est\u00e1 vinculado a los metal\u00fargicos, dirige el Instituto Tecnol\u00f3gico de UOM y un centro de formaci\u00f3n profesional. En una entrevista en el programa La Data, MPQuatro Online, habl\u00f3 del perfil de su boleta, de las PASO y del presente del peronismo.<\/p>\n<p>En cuanto a la composici\u00f3n de la lista que encabeza mencion\u00f3 que \u201chay un perfil de compa\u00f1eros que representan a trabajadores, actores de la comunidad, que nos encontramos cada d\u00eda en la calle. Es un frente amplio. Queremos un espacio que nos contenga a todos\u201d, y redonde\u00f3, \u201clos trabajadores somos protagonistas en esta lista\u201d.<\/p>\n<p>Explic\u00f3 que no lograron una s\u00edntesis con la otra n\u00f3mina que se present\u00f3 porque \u201ctenemos miradas distintas. Cuando hablamos de la renovaci\u00f3n del peronismo, hablamos de integrar a todos\u201d.<\/p>\n<p>Por cierto, en el peronismo del distrito siguen ocupando espacios los nombres de siempre, como Curto que tiene influencia en la boleta de Unidad Ciudadana. \u201cHay una necesidad muy marcada de renovaci\u00f3n, porque hay un mont\u00f3n de compa\u00f1eros que militan hace a\u00f1os\u201d, reconoci\u00f3 Torres.<\/p>\n<p>Consultado sobre su mirada de la coyuntura social actual indic\u00f3, \u201cveo a un pueblo sufriendo las pol\u00edticas que implementa este Gobierno. Desde nuestro espacio tenemos que proponer ideas\u201d. En ese sentido, el precandidato randazzista dijo que algunas propuestas de su espacio est\u00e1n relacionadas con empleo y seguridad.<\/p>\n","protected":false},"excerpt":{"rendered":"<p>Gustavo Torres es el primer precandidato a concejal de una de las n\u00f3minas del Frente Justicialista Cumplir Tres de Febrero. Hijo del ex senador seccional Ra\u00fal Torres, tambi\u00e9n est\u00e1 vinculado a los metal\u00fargicos, dirige el Instituto Tecnol\u00f3gico de UOM y un centro de formaci\u00f3n profesional. En una entrevista en el programa La Data, MPQuatro Online, [&hellip;]<\/p>\n","protected":false},"author":1,"featured_media":8102,"comment_status":"closed","ping_status":"open","sticky":false,"template":"","format":"standard","meta":{"footnotes":""},"categories":[20,48,26],"tags":[],"class_list":{"0":"post-8101","1":"post","2":"type-post","3":"status-publish","4":"format-standard","5":"has-post-thumbnail","7":"category-municipios","8":"category-politica-argentina","9":"category-tres-de-febrero"},"aioseo_notices":[],"_links":{"self":[{"href":"https:\/\/guiadenoticias.com.ar\/diario\/wp-json\/wp\/v2\/posts\/8101","targetHints":{"allow":["GET"]}}],"collection":[{"href":"https:\/\/guiadenoticias.com.ar\/diario\/wp-json\/wp\/v2\/posts"}],"about":[{"href":"https:\/\/guiadenoticias.com.ar\/diario\/wp-json\/wp\/v2\/types\/post"}],"author":[{"embeddable":true,"href":"https:\/\/guiadenoticias.com.ar\/diario\/wp-json\/wp\/v2\/users\/1"}],"replies":[{"embeddable":true,"href":"https:\/\/guiadenoticias.com.ar\/diario\/wp-json\/wp\/v2\/comments?post=8101"}],"version-history":[{"count":1,"href":"https:\/\/guiadenoticias.com.ar\/diario\/wp-json\/wp\/v2\/posts\/8101\/revisions"}],"predecessor-version":[{"id":8103,"href":"https:\/\/guiadenoticias.com.ar\/diario\/wp-json\/wp\/v2\/posts\/8101\/revisions\/8103"}],"wp:featuredmedia":[{"embeddable":true,"href":"https:\/\/guiadenoticias.com.ar\/diario\/wp-json\/wp\/v2\/media\/8102"}],"wp:attachment":[{"href":"https:\/\/guiadenoticias.com.ar\/diario\/wp-json\/wp\/v2\/media?parent=8101"}],"wp:term":[{"taxonomy":"category","embeddable":true,"href":"https:\/\/guiadenoticias.com.ar\/diario\/wp-json\/wp\/v2\/categories?post=8101"},{"taxonomy":"post_tag","embeddable":true,"href":"https:\/\/guiadenoticias.com.ar\/diario\/wp-json\/wp\/v2\/tags?post=8101"}],"curies":[{"name":"wp","href":"https:\/\/api.w.org\/{rel}","templated":true}]}}