{"id":8196,"date":"2017-07-13T11:09:43","date_gmt":"2017-07-13T14:09:43","guid":{"rendered":"http:\/\/guiadenoticias.com.ar\/diario\/?p=8196"},"modified":"2017-07-13T11:10:14","modified_gmt":"2017-07-13T14:10:14","slug":"andreotti-inauguro-la-nueva-secretaria-de-salud-publica","status":"publish","type":"post","link":"https:\/\/guiadenoticias.com.ar\/diario\/andreotti-inauguro-la-nueva-secretaria-de-salud-publica\/","title":{"rendered":"Andreotti inaugur\u00f3 la nueva Secretar\u00eda de Salud P\u00fablica"},"content":{"rendered":"<p>El intendente Luis Andreotti present\u00f3 un establecimiento que unifica Salud, Desarrollo Humano y Pol\u00edticas Ambientales. Dise\u00f1ado para responder a consultas y tr\u00e1mites de m\u00e1s de 400 vecinos por d\u00eda en forma \u00e1gil y pr\u00e1ctica. \u201cEsta es un \u00e1rea sensible de mucha importancia para el municipio; estamos muy contentos por la inversi\u00f3n que hicimos\u201d, dijo el jefe comunal.<\/p>\n<p>Luego de la inauguraci\u00f3n de las flamantes instalaciones, Andreotti expres\u00f3: \u201cEn este edificio se concentrar\u00e1 toda la administraci\u00f3n y el control de la Secretar\u00eda de Salud P\u00fablica, la atenci\u00f3n de Desarrollo hacia las distintas necesidades y el apoyo del trabajo que Medio Ambiente hace en la calle, los negocios y la industria\u201d.<\/p>\n<p>\u201cEn estos 800 metros cuadrados de superficie habr\u00e1 un movimiento de 500 personas por d\u00eda. Y cuando terminemos el edificio completo, que es el doble de superficie, entre 700 y 800 por d\u00eda, porque se incorporar\u00e1 Log\u00edstica, la farmacia en forma integral y la dependencia de Ni\u00f1ez. La centralizaci\u00f3n hace que sea m\u00e1s eficiente el servicio, y es mejor por costos, porque vamos a ahorrar cerca de 100 mil pesos mensuales que ahora estamos gastando de alquiler\u201d, inform\u00f3 el intendente.<\/p>\n<p>La secretaria de Salud P\u00fablica, Desarrollo Humano y Pol\u00edticas Ambientales, Alicia Aparicio, aclar\u00f3 que \u201ceste edificio no es un Centro de Salud, sino la sede de la Secretar\u00eda donde se tramitan cuestiones de distintas \u00e1reas. Aqu\u00ed se atiende, por ejemplo, a las mam\u00e1s que necesitan leches maternizadas, y a los vecinos que vienen por ortopedias o medicamentos\u201d.<\/p>\n<p>Agreg\u00f3 que \u201ctramitamos expedientes relativos a autorizaci\u00f3n de obras por parte del \u00e1rea de Medio Ambiente, se llevan adelante relaciones con diversas instituciones intermedias del distrito, tales como clubes de barrio, sociedades de fomento y centros de jubilados, y la parte administrativa de todos los programas de Salud\u201d.<\/p>\n<p>Del acto particip\u00f3 tambi\u00e9n la secretaria de Pol\u00edtica Sanitaria y Desarrollo Humano de Tigre, Malena Galmarini, quien se\u00f1al\u00f3, \u201cesta nueva obra de San Fernando es important\u00edsima; Luis, como Juan y Alicia, est\u00e1n convencidos de la importancia de la igualdad de oportunidades, de prestarle la atenci\u00f3n suficiente y tender una mano a quienes m\u00e1s lo necesitan. San Fernando sigue creciendo, est\u00e1 cada d\u00eda mejor y m\u00e1s lindo, iluminado, seguro y limpio; nosotros compartimos esta mirada de la gesti\u00f3n con vocaci\u00f3n de servicio y voluntad pol\u00edtica\u201d.<\/p>\n","protected":false},"excerpt":{"rendered":"<p>El intendente Luis Andreotti present\u00f3 un establecimiento que unifica Salud, Desarrollo Humano y Pol\u00edticas Ambientales. Dise\u00f1ado para responder a consultas y tr\u00e1mites de m\u00e1s de 400 vecinos por d\u00eda en forma \u00e1gil y pr\u00e1ctica. \u201cEsta es un \u00e1rea sensible de mucha importancia para el municipio; estamos muy contentos por la inversi\u00f3n que hicimos\u201d, dijo el [&hellip;]<\/p>\n","protected":false},"author":1,"featured_media":8197,"comment_status":"closed","ping_status":"open","sticky":false,"template":"","format":"standard","meta":{"footnotes":""},"categories":[20,48,22],"tags":[],"class_list":{"0":"post-8196","1":"post","2":"type-post","3":"status-publish","4":"format-standard","5":"has-post-thumbnail","7":"category-municipios","8":"category-politica-argentina","9":"category-san-fernando"},"aioseo_notices":[],"_links":{"self":[{"href":"https:\/\/guiadenoticias.com.ar\/diario\/wp-json\/wp\/v2\/posts\/8196","targetHints":{"allow":["GET"]}}],"collection":[{"href":"https:\/\/guiadenoticias.com.ar\/diario\/wp-json\/wp\/v2\/posts"}],"about":[{"href":"https:\/\/guiadenoticias.com.ar\/diario\/wp-json\/wp\/v2\/types\/post"}],"author":[{"embeddable":true,"href":"https:\/\/guiadenoticias.com.ar\/diario\/wp-json\/wp\/v2\/users\/1"}],"replies":[{"embeddable":true,"href":"https:\/\/guiadenoticias.com.ar\/diario\/wp-json\/wp\/v2\/comments?post=8196"}],"version-history":[{"count":1,"href":"https:\/\/guiadenoticias.com.ar\/diario\/wp-json\/wp\/v2\/posts\/8196\/revisions"}],"predecessor-version":[{"id":8198,"href":"https:\/\/guiadenoticias.com.ar\/diario\/wp-json\/wp\/v2\/posts\/8196\/revisions\/8198"}],"wp:featuredmedia":[{"embeddable":true,"href":"https:\/\/guiadenoticias.com.ar\/diario\/wp-json\/wp\/v2\/media\/8197"}],"wp:attachment":[{"href":"https:\/\/guiadenoticias.com.ar\/diario\/wp-json\/wp\/v2\/media?parent=8196"}],"wp:term":[{"taxonomy":"category","embeddable":true,"href":"https:\/\/guiadenoticias.com.ar\/diario\/wp-json\/wp\/v2\/categories?post=8196"},{"taxonomy":"post_tag","embeddable":true,"href":"https:\/\/guiadenoticias.com.ar\/diario\/wp-json\/wp\/v2\/tags?post=8196"}],"curies":[{"name":"wp","href":"https:\/\/api.w.org\/{rel}","templated":true}]}}