{"id":8487,"date":"2017-08-06T21:36:21","date_gmt":"2017-08-07T00:36:21","guid":{"rendered":"http:\/\/guiadenoticias.com.ar\/diario\/?p=8487"},"modified":"2017-08-06T21:53:49","modified_gmt":"2017-08-07T00:53:49","slug":"luis-andreotti-no-creo-en-las-grietas","status":"publish","type":"post","link":"https:\/\/guiadenoticias.com.ar\/diario\/luis-andreotti-no-creo-en-las-grietas\/","title":{"rendered":"Luis Andreotti: \u201cNo creo en las grietas\u201d"},"content":{"rendered":"<p>En la recta final hacia las PASO, el intendente de San Fernando, Luis Andreotti, y la secretaria de Salud P\u00fablica, Desarrollo Social y Medio Ambiente, Alicia Aparicio, quien es la primera precandidata a concejal de la boleta de 1Pa\u00eds, visitaron una de las mesas partidarias ubicada en la zona c\u00e9ntrica del distrito, oportunidad en la cual charlaron con vecinos.<\/p>\n<p>En ese marco, ambos funcionarios dialogaron con Gu\u00eda de Noticias. \u201cSiempre para quienes son oficialismo la gente vota la gesti\u00f3n o la rechaza. Nuestra pol\u00edtica fundamental fue trabajar en forma permanente, es un municipio presente, pero la \u00faltima palabra la tiene el vecino\u201d, estim\u00f3 el jefe comunal.<\/p>\n<p>La campa\u00f1a massista tiene mucho que ver con los programas Bajemos los Precios y Alerta Buenos Aires. Al respecto, Andreotti consider\u00f3 que \u201cel tema de la seguridad y del bolsillo son fundamentales. A muchas personas les baj\u00f3 el poder adquisitivo, por errores en la implementaci\u00f3n de pol\u00edticas. Por otro lado, el gobierno anterior tuvo bastantes problemas en seguridad y creo que ahora no cambi\u00f3 nada\u201d.<\/p>\n<p>El intendente, a diferencia de varios actores pol\u00edticos, no ve una polarizaci\u00f3n marcada. \u201cSi no hubo grieta total en la elecci\u00f3n que se eligi\u00f3 Presidente, menos habr\u00e1 en una legislativa. El voto de la gente es mucho m\u00e1s abierto. No creo en las grietas. 1Pa\u00eds es el \u00fanico espacio que hace propuestas y no agrede\u201d.<\/p>\n<p>Aunque aclar\u00f3: \u201cCreemos que es un momento en el cual todos tenemos que aportar, en Provincia la gobernadora no hubiera sacado una sola ley si no hubi\u00e9ramos apoyado, como Presupuesto, leyes impositivas, leyes de emergencia\u201d.<\/p>\n<p>De todos modos record\u00f3 sus diferencias con la administraci\u00f3n de Vidal. \u201cReclamamos que Provincia cumpla su rol y eso es tener buena salud, buena educaci\u00f3n, justicia; si logramos eso, mejorar\u00eda el 50 por ciento de la calidad de vida de los sanfernandinos. Hay una deficiencia grande y el municipio tiene que salir a cubrir con fondos propios\u201d.<\/p>\n<p><strong>LA CANDIDATA<\/strong><\/p>\n<p>Alicia Aparicio es Andreotti, motivo por el cual el apellido est\u00e1 destacado en la n\u00f3mina distrital. \u201cLa respuesta a la gesti\u00f3n es mayormente favorable, pero el vecino nos hace siempre preguntas y comenta sus problemas. Eso es bueno porque uno puede mejorar\u201d, se\u00f1al\u00f3 a este medio.<\/p>\n<p>Destac\u00f3\u00a0como valor agregado en el caso de acceder a una banca su conocimiento de la gesti\u00f3n. \u201cTuve la responsabilidad de armar la Secretar\u00eda de Educaci\u00f3n, que no exist\u00eda. Ahora estoy en Salud y tenemos el desaf\u00edo del hospital y el trabajo barrial\u201d.<\/p>\n<p>De las recorridas el balance es que \u201cnos piden mucho en este momento trabajo. El vecino est\u00e1 angustiado. Recorremos siempre el distrito y nos venimos con pilas de curr\u00edculum\u201d.<\/p>\n<p>Desde la Comuna llevan adelante algunas medidas para ayudar con la reactivaci\u00f3n. \u201dHacemos intervenciones en los centros comerciales para fomentar el compre local, es el sector que m\u00e1s empleo da en San Fernando. Adem\u00e1s, tenemos el monotributo social, tenemos pasant\u00edas. En nuestros corralones tomamos s\u00f3lo vecinos del distrito\u201d, detall\u00f3 la secretaria.<\/p>\n<p>Concluy\u00f3 contundente: \u201cEn el \u00faltimo a\u00f1o y medio casi duplicamos el plan alimentario, pasamos de mil familias a mil ochocientas, la realidad es dura y el vecino de San Fernando no quiere planes, quiere trabajo\u201d.<\/p>\n","protected":false},"excerpt":{"rendered":"<p>En la recta final hacia las PASO, el intendente de San Fernando, Luis Andreotti, y la secretaria de Salud P\u00fablica, Desarrollo Social y Medio Ambiente, Alicia Aparicio, quien es la primera precandidata a concejal de la boleta de 1Pa\u00eds, visitaron una de las mesas partidarias ubicada en la zona c\u00e9ntrica del distrito, oportunidad en la [&hellip;]<\/p>\n","protected":false},"author":1,"featured_media":8488,"comment_status":"closed","ping_status":"open","sticky":false,"template":"","format":"standard","meta":{"footnotes":""},"categories":[20,48,22],"tags":[],"class_list":{"0":"post-8487","1":"post","2":"type-post","3":"status-publish","4":"format-standard","5":"has-post-thumbnail","7":"category-municipios","8":"category-politica-argentina","9":"category-san-fernando"},"aioseo_notices":[],"_links":{"self":[{"href":"https:\/\/guiadenoticias.com.ar\/diario\/wp-json\/wp\/v2\/posts\/8487","targetHints":{"allow":["GET"]}}],"collection":[{"href":"https:\/\/guiadenoticias.com.ar\/diario\/wp-json\/wp\/v2\/posts"}],"about":[{"href":"https:\/\/guiadenoticias.com.ar\/diario\/wp-json\/wp\/v2\/types\/post"}],"author":[{"embeddable":true,"href":"https:\/\/guiadenoticias.com.ar\/diario\/wp-json\/wp\/v2\/users\/1"}],"replies":[{"embeddable":true,"href":"https:\/\/guiadenoticias.com.ar\/diario\/wp-json\/wp\/v2\/comments?post=8487"}],"version-history":[{"count":4,"href":"https:\/\/guiadenoticias.com.ar\/diario\/wp-json\/wp\/v2\/posts\/8487\/revisions"}],"predecessor-version":[{"id":8492,"href":"https:\/\/guiadenoticias.com.ar\/diario\/wp-json\/wp\/v2\/posts\/8487\/revisions\/8492"}],"wp:featuredmedia":[{"embeddable":true,"href":"https:\/\/guiadenoticias.com.ar\/diario\/wp-json\/wp\/v2\/media\/8488"}],"wp:attachment":[{"href":"https:\/\/guiadenoticias.com.ar\/diario\/wp-json\/wp\/v2\/media?parent=8487"}],"wp:term":[{"taxonomy":"category","embeddable":true,"href":"https:\/\/guiadenoticias.com.ar\/diario\/wp-json\/wp\/v2\/categories?post=8487"},{"taxonomy":"post_tag","embeddable":true,"href":"https:\/\/guiadenoticias.com.ar\/diario\/wp-json\/wp\/v2\/tags?post=8487"}],"curies":[{"name":"wp","href":"https:\/\/api.w.org\/{rel}","templated":true}]}}