{"id":8873,"date":"2017-09-13T01:26:48","date_gmt":"2017-09-13T04:26:48","guid":{"rendered":"http:\/\/guiadenoticias.com.ar\/diario\/?p=8873"},"modified":"2017-09-13T01:28:57","modified_gmt":"2017-09-13T04:28:57","slug":"marcos-cianni-podemos-plasmar-una-oposicion-real","status":"publish","type":"post","link":"https:\/\/guiadenoticias.com.ar\/diario\/marcos-cianni-podemos-plasmar-una-oposicion-real\/","title":{"rendered":"Marcos Cianni: \u00abPodemos plasmar una oposici\u00f3n real\u00bb"},"content":{"rendered":"<p>Marcos Cianni, referente de La C\u00e1mpora de San Isidro, rompi\u00f3 el silencio dando una entrevista a Gu\u00eda de Noticias. \u00abTodo lo definimos colectivamente con los compa\u00f1eros\u00bb, aclar\u00f3 a este medio antes de comenzar su primera nota desde que es segundo candidato a concejal en la lista de Unidad Ciudadana. En su organizaci\u00f3n prefieren comunicar cara a cara. Ni un afiche de Cristina Fern\u00e1ndez colocaron antes de las PASO, una Primaria que le depar\u00f3 a todo el espacio K el 18,25% del padr\u00f3n.<\/p>\n<p>Con un caf\u00e9 de por medio, el hombre de 42 a\u00f1os suelta cada frase midiendo sus palabras. Conoce el pa\u00f1o de la pol\u00edtica, pero comienza a lidiar con los medios de comunicaci\u00f3n con la premisa que \u00abesta candidatura no es m\u00eda, sino un lugar colectivo\u00bb. Cianni empez\u00f3 a militar en los \u201890, cuando se uni\u00f3 a la Corriente Patria Libre y ya era apodado \u00abel piquetero\u00bb. Tras alejarse de ese espacio en 2010 organiz\u00f3 La C\u00e1mpora en San Isidro, un territorio adverso para las fuerzas k. Desde entonces mantiene una relaci\u00f3n estrecha con el actual diputado nacional Andr\u00e9s \u00abcuervo\u00bb Larroque. Es su asesor legislativo.<\/p>\n<p>La C\u00e1mpora tiene su unidad b\u00e1sica en Boulogne, en lo que fue la casa de Diana Oesterheld, una de las hijas del c\u00e9lebre autor de El Eternauta, que a\u00fan est\u00e1 desaparecida como sus tres hermanas. Kuki Araldi, cu\u00f1ada de Diana Oesterheld, es la anfitriona y no se distrae ni un segundo de la entrevista. Mientras, Cianni sienta posici\u00f3n. \u00abSeremos una oposici\u00f3n real a la derecha\u00bb, sostiene. El armado de la UC estuvo a cargo de la diputada nacional Teresa Garc\u00eda, presidenta del PJ local.<\/p>\n<p><strong>\u00bfEsta lista de Unidad Ciudadana es la m\u00e1s cristinista de las \u00faltimas elecciones?<\/strong><\/p>\n<p>No s\u00e9 si es la m\u00e1s cristinista, pero representamos ese proyecto nacional en San Isidro. Nos oponemos al lema \u00abSan Isidro es distinto\u00bb, porque queremos un San Isidro solidario, no distinto. Como la patria es el otro, San Isidro tambi\u00e9n es el otro.<\/p>\n<p><strong>La referente social Fernanda Mi\u00f1o encabeza la lista. \u00bfQu\u00e9 valor tiene en esa posici\u00f3n?<\/strong><\/p>\n<p>Es una compa\u00f1era que representa al sector de Teresa Garc\u00eda. Nos parec\u00eda bien que encabece una compa\u00f1era que trabaja desde hace a\u00f1os en el barrio La Cava. Por primera vez tenemos como cabeza de lista una persona que no viene del peronismo tradicional de San Isidro.<\/p>\n<p><strong>POSSE, MASSA, EL PJ Y M\u00c1S&#8230;<\/strong><\/p>\n<p><strong>\u00bfQu\u00e9 rol tendr\u00edan en el Concejo?<\/strong><\/p>\n<p>Nosotros, al ser segunda fuerza, podemos plasmar una oposici\u00f3n real a la derecha. El intendente Gustavo Posse es Macri, Montenegro por su puesto lo es, y Con Vocaci\u00f3n tambi\u00e9n representa los intereses de Macri a nivel local. De hecho, Con Vocaci\u00f3n tiene alianzas con Cambiemos en otros niveles desde hace tiempo. Se pueden diferenciar en que sean una vertiente del macrismo m\u00e1s liberal, no tan conservadora como Posse o Montenegro. Pero creemos que entre ellos no hay oposici\u00f3n, solo disputas a nivel local, cuestiones de caja o de otra \u00edndole. No tienen diferencias ideol\u00f3gicas y de proyecto de San Isidro.<\/p>\n<p><strong>\u00bfVe en el mismo papel a Marcela Durrieu?<\/strong><\/p>\n<p>Ella es concejal del Frente Renovador, partido que a nivel nacional no vot\u00f3 nada en contra de Macri. No enfrenta las pol\u00edticas de ajuste. A nivel local hay una disputa hist\u00f3rica entre Durrieu y Posse, pero en lo nacional, en la coyuntura, no hay oposici\u00f3n. Creemos que la \u00fanica manera de frenar a Macri es Cristina y en San Isidro nosotros creemos expresar lo mismo.<\/p>\n<p><strong>Las bancas del PJ en el Concejo, \u00bfrepresentan una oposici\u00f3n al possismo?<\/strong><\/p>\n<p>Hay algunas particularidades, pero sin una idea de proyecto colectivo es muy dif\u00edcil ser oposici\u00f3n. Por eso no vemos que sea el bloque PJ una oposici\u00f3n real a Posse. S\u00ed hay compa\u00f1eros que encaran una oposici\u00f3n, pero no el bloque en general. Quiz\u00e1 no marcan las diferencias ideol\u00f3gicas, pol\u00edticas, de proyecto, de qu\u00e9 pa\u00eds y que San Isidro quiere el oficialismo y que San Isidro queremos los peronistas.<\/p>\n<p><strong>\u00bfQu\u00e9 pueden reclamarle a la gesti\u00f3n local?<\/strong><\/p>\n<p>Que tiene el presupuesto m\u00e1s alto, pero no tiene universidad. El Congreso Nacional aprob\u00f3 en 2015 una ley para desarrollar una universidad que ni el gobierno nacional, provincial y local impulsaron. Esto le conviene a muchas universidades privadas que hay en la zona, eso es lo que elige el Ejecutivo local. Otra de las cuestiones que tuvo oportunidad de desarrollarse es terminar el Plan Federal de Viviendas. Qued\u00f3 trunco, pero creemos que con un proyecto nacional y con un San Isidro inclusivo se pueda concretar lo que comenz\u00f3 N\u00e9stor Kirchner.<\/p>\n<p><strong>Esta ser\u00e1 una elecci\u00f3n muy nacionalizada. \u00bfC\u00f3mo hablar de los temas locales?<\/strong><\/p>\n<p>Creemos mucho en la participaci\u00f3n ciudadana. Queremos cambiar la concepci\u00f3n de lo que es el Concejo Deliberante o un concejal en San Isidro. Generalmente una parte de la poblaci\u00f3n no sabe lo que pasa en el Concejo. Eso lo queremos cambiar. Y los proyectos no se pueden armar en cuatro paredes, sino que se deben crear en conjunto con los vecinos. Un concejal no puede ir a una localidad donde no vive y decirles a los vecinos lo que deben hacer. Creemos que debe ser un instrumento de los vecinos, no ser servidos sino servir.<\/p>\n","protected":false},"excerpt":{"rendered":"<p>Marcos Cianni, referente de La C\u00e1mpora de San Isidro, rompi\u00f3 el silencio dando una entrevista a Gu\u00eda de Noticias. \u00abTodo lo definimos colectivamente con los compa\u00f1eros\u00bb, aclar\u00f3 a este medio antes de comenzar su primera nota desde que es segundo candidato a concejal en la lista de Unidad Ciudadana. En su organizaci\u00f3n prefieren comunicar cara [&hellip;]<\/p>\n","protected":false},"author":1,"featured_media":8874,"comment_status":"closed","ping_status":"open","sticky":false,"template":"","format":"standard","meta":{"footnotes":""},"categories":[20,48,21],"tags":[],"class_list":{"0":"post-8873","1":"post","2":"type-post","3":"status-publish","4":"format-standard","5":"has-post-thumbnail","7":"category-municipios","8":"category-politica-argentina","9":"category-san-isidro"},"aioseo_notices":[],"_links":{"self":[{"href":"https:\/\/guiadenoticias.com.ar\/diario\/wp-json\/wp\/v2\/posts\/8873","targetHints":{"allow":["GET"]}}],"collection":[{"href":"https:\/\/guiadenoticias.com.ar\/diario\/wp-json\/wp\/v2\/posts"}],"about":[{"href":"https:\/\/guiadenoticias.com.ar\/diario\/wp-json\/wp\/v2\/types\/post"}],"author":[{"embeddable":true,"href":"https:\/\/guiadenoticias.com.ar\/diario\/wp-json\/wp\/v2\/users\/1"}],"replies":[{"embeddable":true,"href":"https:\/\/guiadenoticias.com.ar\/diario\/wp-json\/wp\/v2\/comments?post=8873"}],"version-history":[{"count":1,"href":"https:\/\/guiadenoticias.com.ar\/diario\/wp-json\/wp\/v2\/posts\/8873\/revisions"}],"predecessor-version":[{"id":8875,"href":"https:\/\/guiadenoticias.com.ar\/diario\/wp-json\/wp\/v2\/posts\/8873\/revisions\/8875"}],"wp:featuredmedia":[{"embeddable":true,"href":"https:\/\/guiadenoticias.com.ar\/diario\/wp-json\/wp\/v2\/media\/8874"}],"wp:attachment":[{"href":"https:\/\/guiadenoticias.com.ar\/diario\/wp-json\/wp\/v2\/media?parent=8873"}],"wp:term":[{"taxonomy":"category","embeddable":true,"href":"https:\/\/guiadenoticias.com.ar\/diario\/wp-json\/wp\/v2\/categories?post=8873"},{"taxonomy":"post_tag","embeddable":true,"href":"https:\/\/guiadenoticias.com.ar\/diario\/wp-json\/wp\/v2\/tags?post=8873"}],"curies":[{"name":"wp","href":"https:\/\/api.w.org\/{rel}","templated":true}]}}