{"id":9155,"date":"2017-10-11T01:45:22","date_gmt":"2017-10-11T04:45:22","guid":{"rendered":"http:\/\/guiadenoticias.com.ar\/diario\/?p=9155"},"modified":"2017-10-11T01:45:39","modified_gmt":"2017-10-11T04:45:39","slug":"manuel-abella-posse-esta-camuflado-en-cambiemos","status":"publish","type":"post","link":"https:\/\/guiadenoticias.com.ar\/diario\/manuel-abella-posse-esta-camuflado-en-cambiemos\/","title":{"rendered":"Manuel Abella: \u00abPosse est\u00e1 camuflado en Cambiemos\u201d"},"content":{"rendered":"<p>Manuel Abella, presidente de la bancada Con Vocaci\u00f3n por San Isidro, hizo una pausa entre la campa\u00f1a, notas en radio y clases de Construcci\u00f3n de la Ciudadan\u00eda en colegios secundarios. En charla con Gu\u00eda de Noticias puso en perspectiva hac\u00eda d\u00f3nde va la fuerza vecinal con mejor performance del Conurbano. Respondi\u00f3, asimismo, a comentarios negativos de Unidad Ciudadana.<\/p>\n<p><strong>Si bien tienen buena sinton\u00eda con algunos sectores de Cambiemos a nivel provincial y nacional, \u00bfqu\u00e9 los hace plantarse como una opci\u00f3n ante el possismo?<\/strong><\/p>\n<p>Valoramos mucho lo que hace la gobernadora Mar\u00eda Eugenia Vidal en la provincia de Buenos Aires, pero marcamos una diferencia muy clara. Creemos que Gustavo Posse dentro de una alianza llamada Cambiemos es una contradicci\u00f3n muy grande. Su familia gobierna San Isidro desde hace 34 a\u00f1os, tienen pr\u00e1cticas cuestionables de la pol\u00edtica. No se entiende que quiera disfrazarse del cambio cuando poco tiene que ver con eso.<\/p>\n<p><strong>Hay un corte de boleta de Cambiemos que deriva principalmente en ustedes. \u00bfA qu\u00e9 se debe?<\/strong><\/p>\n<p>La gente no come vidrio, se da cuenta que Posse est\u00e1 camuflado en Cambiemos. Y responde de tal manera que San Isidro es el municipio de la provincia en que m\u00e1s vecinos le cortaron boleta a Cambiemos, un 17%. Y estamos seguros que ese n\u00famero continuar\u00e1 en octubre.<\/p>\n<p><strong>\u00bfQu\u00e9 perspectiva tiene un futuro acuerdo con el PRO?<\/strong><\/p>\n<p>Tenemos vocaci\u00f3n de poder, queremos llegar a la Intendencia. Por eso charlamos con diferentes sectores, s\u00f3lo que hoy Cambiemos est\u00e1 bloqueado por la presencia de Posse. Pero conversamos con sectores de Cambiemos que no son possistas y que no lo quieren en la alianza. Aunque en alg\u00fan momento esperamos armar algo, nuestro objetivo es el 22 de octubre demostrar que hay espacio para una construcci\u00f3n as\u00ed en San Isidro.<\/p>\n<p><strong>LA PELEA POR EL TERCER CONCEJAL<\/strong><\/p>\n<p><strong>Tambi\u00e9n les \u201cpegan\u201d desde el kirchnerismo. \u00bfC\u00f3mo toman que los acusen de estar a la derecha del Ku Klux Klan?<\/strong><\/p>\n<p>Ante estas declaraciones prefiero estar enfocado en mi trabajo. Lo que hagan los dem\u00e1s no importa demasiado. Cada uno sabe d\u00f3nde estuvo, por qu\u00e9 y con qui\u00e9n. Pero lo que importan son los vecinos, las necesidades del municipio, y ofrecer una alternativa real.<\/p>\n<p><strong>\u00bfPero por qu\u00e9 el kirchnerismo toma a Con Vocaci\u00f3n como el rival a vencer?<\/strong><\/p>\n<p>Porque saben que nosotros tenemos m\u00e1s chances de crecer. Tenemos una boleta corta, no estamos atados a nadie y s\u00f3lo dependemos de nuestro trabajo. Ver\u00e1n que tenemos oportunidades reales de crecer y de meter un tercer concejal.<\/p>\n<p><strong>\u00bfEsa es la pelea, cu\u00e1l es el bloque opositor que mete el tercer concejal?<\/strong><\/p>\n<p>Exactamente. Somos el bloque m\u00e1s numeroso de la oposici\u00f3n con cuatro bancas y la discusi\u00f3n ahora es cual crece m\u00e1s, se fortalece y quiebra el 12 a 12 al oficialismo. Y nos posicionar\u00eda muy bien para 2019.<\/p>\n<p><strong>Sin embargo romper el 12 a 12 tambi\u00e9n depende de que 1Pa\u00eds no se caiga del piso electoral, como muchos especulan.<\/strong><\/p>\n<p>S\u00ed, es como la selecci\u00f3n de f\u00fatbol intentando clasificar al Mundial. Dependemos de otros resultados, todos juegan en esto. Claramente dependemos de que el possismo caiga un poco, el Frente Renovador no se derrumbe. Lo que s\u00ed podemos hacer es jugar nuestro partido de la mejor forma. Hicimos un c\u00e1lculo: si crecemos en 10 mil votos tenemos ser\u00edas chances de meter un concejal m\u00e1s. Para eso trabajamos todos los d\u00edas.<\/p>\n<p><strong>DENUNCIA POR INTIMIDACI\u00d3N<\/strong><\/p>\n<p><strong>\u00bfEn qu\u00e9 instancia se encuentra la denuncia que realizaron por persecuci\u00f3n a militantes de su partido?<\/strong><\/p>\n<p>La justicia federal lo gir\u00f3 a la justicia local porque entendi\u00f3 que no era su competencia. Se debe sortear en estos d\u00edas. Lo que pedimos es que se perite el audio, para comprobar que es la persona que suponemos. Igual, en este punto, a confesi\u00f3n de partes relevo de pruebas. En la anterior sesi\u00f3n el oficialismo reconoci\u00f3 que el audio pertenece a un funcionario municipal. Y dio una especie de justificaci\u00f3n de lo que hicieron, o sea, que juntaban pruebas para denunciarnos por violar la veda electoral. Esa denuncia supuestamente fue realizada el 11 de septiembre, pero no fuimos notificados. Por eso pienso que s\u00f3lo fue una maniobra para justificar el accionar.<\/p>\n<p><strong>Cuando salieron a la calle, pusieron carteles y hablaron con los vecinos, \u00bfno se plantearon que hac\u00edan una difusi\u00f3n electoral fuera del per\u00edodo legal?\u00a0<\/strong><\/p>\n<p>Lo hacemos todo el a\u00f1o, todo el tiempo, dialogar con los vecinos, escuchar y proponer soluciones, porque estamos convencidos de que es parte de nuestro trabajo como concejales. Y lo hicimos el a\u00f1o pasado que no fue electoral. Creemos que en pol\u00edtica no hay que trabajar 30 d\u00edas antes de una elecci\u00f3n. Esas acusaciones no tienen mucha cabida.<\/p>\n","protected":false},"excerpt":{"rendered":"<p>Manuel Abella, presidente de la bancada Con Vocaci\u00f3n por San Isidro, hizo una pausa entre la campa\u00f1a, notas en radio y clases de Construcci\u00f3n de la Ciudadan\u00eda en colegios secundarios. En charla con Gu\u00eda de Noticias puso en perspectiva hac\u00eda d\u00f3nde va la fuerza vecinal con mejor performance del Conurbano. Respondi\u00f3, asimismo, a comentarios negativos [&hellip;]<\/p>\n","protected":false},"author":1,"featured_media":9156,"comment_status":"closed","ping_status":"open","sticky":false,"template":"","format":"standard","meta":{"footnotes":""},"categories":[20,48,21],"tags":[],"class_list":{"0":"post-9155","1":"post","2":"type-post","3":"status-publish","4":"format-standard","5":"has-post-thumbnail","7":"category-municipios","8":"category-politica-argentina","9":"category-san-isidro"},"aioseo_notices":[],"_links":{"self":[{"href":"https:\/\/guiadenoticias.com.ar\/diario\/wp-json\/wp\/v2\/posts\/9155","targetHints":{"allow":["GET"]}}],"collection":[{"href":"https:\/\/guiadenoticias.com.ar\/diario\/wp-json\/wp\/v2\/posts"}],"about":[{"href":"https:\/\/guiadenoticias.com.ar\/diario\/wp-json\/wp\/v2\/types\/post"}],"author":[{"embeddable":true,"href":"https:\/\/guiadenoticias.com.ar\/diario\/wp-json\/wp\/v2\/users\/1"}],"replies":[{"embeddable":true,"href":"https:\/\/guiadenoticias.com.ar\/diario\/wp-json\/wp\/v2\/comments?post=9155"}],"version-history":[{"count":1,"href":"https:\/\/guiadenoticias.com.ar\/diario\/wp-json\/wp\/v2\/posts\/9155\/revisions"}],"predecessor-version":[{"id":9157,"href":"https:\/\/guiadenoticias.com.ar\/diario\/wp-json\/wp\/v2\/posts\/9155\/revisions\/9157"}],"wp:featuredmedia":[{"embeddable":true,"href":"https:\/\/guiadenoticias.com.ar\/diario\/wp-json\/wp\/v2\/media\/9156"}],"wp:attachment":[{"href":"https:\/\/guiadenoticias.com.ar\/diario\/wp-json\/wp\/v2\/media?parent=9155"}],"wp:term":[{"taxonomy":"category","embeddable":true,"href":"https:\/\/guiadenoticias.com.ar\/diario\/wp-json\/wp\/v2\/categories?post=9155"},{"taxonomy":"post_tag","embeddable":true,"href":"https:\/\/guiadenoticias.com.ar\/diario\/wp-json\/wp\/v2\/tags?post=9155"}],"curies":[{"name":"wp","href":"https:\/\/api.w.org\/{rel}","templated":true}]}}