{"id":9507,"date":"2017-11-14T02:36:34","date_gmt":"2017-11-14T05:36:34","guid":{"rendered":"http:\/\/guiadenoticias.com.ar\/diario\/?p=9507"},"modified":"2017-11-15T01:08:28","modified_gmt":"2017-11-15T04:08:28","slug":"julio-diaz-no-fuimos-parte-de-la-estrategia-electoral-de-cambiemos","status":"publish","type":"post","link":"https:\/\/guiadenoticias.com.ar\/diario\/julio-diaz-no-fuimos-parte-de-la-estrategia-electoral-de-cambiemos\/","title":{"rendered":"Julio D\u00edaz: \u00abNo fuimos parte de la estrategia electoral de Cambiemos\u00bb"},"content":{"rendered":"<p>El pr\u00f3ximo 10 de diciembre, cuando se recambie la mitad del Concejo Deliberante de Ituzaing\u00f3, Julio D\u00edaz y Carolina L\u00f3pez dejar\u00e1n sus bancas. Pero, en una entrevista en La Data (MPQuatro Online, martes y viernes), D\u00edaz dej\u00f3 entrever que la pertenencia de la pareja al espacio de Cambiemos tiene fecha de vencimiento. \u00abNosotros, en verdad hasta fin de a\u00f1o estamos comprometidos a seguir en Cambiemos\u00bb, solt\u00f3.<\/p>\n<p>Como dato de color, d\u00edas antes, el edil y arquitecto se anim\u00f3 a trasmitir en sus redes sociales el reciente Supercl\u00e1sico de f\u00fatbol para los vecinos que no cuentan con servicio prepago de TV.<\/p>\n<p>El dirigente de origen peronista adelant\u00f3 que en diciembre har\u00e1 un balance de su etapa por la funci\u00f3n p\u00fablica antes de tomar decisiones junto a su compa\u00f1era de bancada y esposa y la militancia que los acompa\u00f1a.<\/p>\n<p><strong>Termina mandato. \u00bfPlanifica seguir trabajando desde otro lugar en Cambiemos?<\/strong><\/p>\n<p>En verdad, hasta fin de a\u00f1o estamos comprometidos a seguir en el espacio de Cambiemos. Pero seguiremos haciendo pol\u00edtica, porque es nuestra pasi\u00f3n ayudar al vecino de Ituzaing\u00f3, como lo hicimos hasta ahora, m\u00e1s all\u00e1 del cargo.<\/p>\n<p><strong>\u00bfEval\u00faa con Carolina L\u00f3pez su continuidad dentro de Cambiemos?<\/strong><\/p>\n<p>Uno eval\u00faa todo cuando termina un ciclo, lo bueno y lo malo. Tambi\u00e9n depende de los compa\u00f1eros de nuestra agrupaci\u00f3n. En momentos en que no hay partidos pol\u00edticos se sigue personas. Ya es dif\u00edcil tomar una decisi\u00f3n como antes, cuando hab\u00eda partidos fuertes. Mientras que en Cambiemos hay un grupo de partidos. Por eso tenemos que ver qu\u00e9 est\u00e1 bueno, qu\u00e9 est\u00e1 malo, qu\u00e9 nos representa.<\/p>\n<p><strong>\u00bfTuvo diferencias sobre la estrategia electoral en los \u00faltimos comicios?<\/strong><\/p>\n<p>La verdad que no fuimos parte de la estrategia que utilizaron. Ganaron y eso es lo que importa ahora.<\/p>\n<p><strong>No dice ganamos, sino ganaron\u2026<\/strong><\/p>\n<p>Los que ganan son los concejales. Acompa\u00f1\u00e9 lo que fue el espacio, pero los que tuvieron el contacto con el vecino fueron ellos, que les dijeron qu\u00e9 har\u00edan si los votaban.<\/p>\n<p><strong>ITUZAING\u00d3 CIUDAD DORMITORIO<\/strong><\/p>\n<p>En el \u00faltimo e intenso tramo de su mandato, D\u00edaz pone a prueba como edil su experiencia de arquitecto. El Ejecutivo municipal, encabezado por el intendente Alberto Descalzo, present\u00f3 el proyecto de un nuevo C\u00f3digo de Ordenamiento Urbano (COU).<\/p>\n<p><strong>\u00bfCu\u00e1ndo tratar\u00e1n la reforma del c\u00f3digo en el Concejo Deliberante?<\/strong><\/p>\n<p>Es m\u00e1s que una modificaci\u00f3n, es un nuevo C\u00f3digo de Planeamiento Urbano que debe tratar el Concejo Deliberante con sus 20 concejales, que tiene que ser aprobado, y luego de aprobado, convalidado por la provincia de Buenos Aires.<\/p>\n<p><strong>Realiz\u00f3 algunas observaciones al proyecto. Adem\u00e1s de ser concejal es arquitecto y tiene una voz calificada para hablar del tema.\u00a0<\/strong><\/p>\n<p>S\u00ed, hice algunas observaciones con respecto a lo que el Ejecutivo est\u00e1 buscando. Cuando planific\u00e1s una ciudad ten\u00e9s que saber en principio hacia d\u00f3nde vas. Pod\u00e9s buscar una ciudad que sea como Malvinas Argentinas que tiene una caracter\u00edstica de salud; Mor\u00f3n, que intercala una parte industrial. Ituzaing\u00f3 est\u00e1 buscando, por lo que uno va leyendo en el c\u00f3digo, algo que tiende a ciudad dormitorio, a vivienda, a tener edificios altos.<\/p>\n<p>Hay una tendencia en varios distritos a instalar estos emprendimientos inmobiliarios sin tener en cuenta el impacto ambiental, el perfil de las ciudades, sino una necesidad de vivienda de menos metros cuadrados en comparaci\u00f3n con los caserones de otros tiempos.<\/p>\n<p><strong>\u00bfQu\u00e9 hay para el \u00e1rea c\u00e9ntrica, que es donde est\u00e1n concentrados los edificios actuales?<\/strong><\/p>\n<p>Hoy se pueden all\u00ed proyectar edificios de hasta siete pisos. El nuevo c\u00f3digo pide que se pueda extender hasta 9 y en algunos casos, 10 pisos. Esa norma ir\u00eda bajando a medida que te alejas del centro.<\/p>\n<p><strong>\u00bfEst\u00e1n previstos edificios en las zonas m\u00e1s lejanas?<\/strong><\/p>\n<p>S\u00ed, hasta ahora la modificaci\u00f3n de la Ordenanza permite trabajar nada m\u00e1s que en la zona central. Est\u00e9 c\u00f3digo habla sobre nuevos lugares, como la avenida Kirchner (ex Rivadavia), el sector de intendente Ratti en la parte de Udaondo, en Mart\u00edn Fierro, en la colectora. Se plantean distintas alturas para cada sector.<\/p>\n<p><strong>\u00bfQu\u00e9 pasa con Leloir, se respetar\u00eda el perfil actual?\u00a0<\/strong><\/p>\n<p>En la parte de Mart\u00edn Fierro estar\u00edan previstas nuevas modificaciones y la aprobaci\u00f3n de algunos complejos que hasta ahora salen por excepci\u00f3n. Parque Leloir mantiene las mismas normativas que en el actual c\u00f3digo. Y por otro lado, la zona industrial se achica, la zona semi industrial tambi\u00e9n.<\/p>\n<p><strong>Es un avance en la construcci\u00f3n de edificios y un retroceso en las empresas industriales y semi industriales.\u00a0<\/strong><\/p>\n<p>S\u00ed, por eso uno observa que se busca una ciudad dormitorio y no una que produzca o tenga f\u00e1bricas.<\/p>\n<p><strong>\u00bfQu\u00e9 propuestas le hace a este proyecto?<\/strong><\/p>\n<p>Uno de los problemas que vislumbr\u00e9 enseguida es la falta de cocheras. Se elimin\u00f3 las cocheras para departamentos de m\u00e1s de 70 metros cuadrados, actualmente se piden dos cocheras que es lo m\u00e1s l\u00f3gico, pero en el futuro se pedir\u00eda s\u00f3lo una. Eso generar\u00eda un caos que ya pasa en Mor\u00f3n y Castelar.<\/p>\n<p><strong>\u00bfQu\u00e9 pasa con los servicios est\u00e1n previstas inversiones en electricidad, agua y gas?<\/strong><\/p>\n<p>Me tomo de lo que dice la gobernadora (Mar\u00eda Eugenia) Vidal, que previ\u00f3 que en un tiempo de 3 o 4 a\u00f1os todos los distritos, al menos Ituzaing\u00f3, van a tener los servicios de agua corriente y cloacas.\u00a0 Tomando en cuenta esto se supone que estar\u00edan dadas las condiciones para la construcci\u00f3n de edificios.<\/p>\n<p><strong>\u00bfEn cu\u00e1nto tiempo se puede tratar en el recinto? \u00bfCree que alcanzan las manos para aprobarlo?<\/strong><\/p>\n<p>El tratamiento al menos ya sali\u00f3 a la luz. Se estar\u00e1n viendo las repercusiones de este c\u00f3digo y en base a eso se ver\u00e1 si se trata en la pr\u00f3xima sesi\u00f3n. Me parece que por el apuro que tuvieron en el oficialismo para sacarlo habla de que lo tuvieron durmiendo mucho tiempo, porque quieren aprobarlo con este equipo de concejales.<\/p>\n","protected":false},"excerpt":{"rendered":"<p>El pr\u00f3ximo 10 de diciembre, cuando se recambie la mitad del Concejo Deliberante de Ituzaing\u00f3, Julio D\u00edaz y Carolina L\u00f3pez dejar\u00e1n sus bancas. Pero, en una entrevista en La Data (MPQuatro Online, martes y viernes), D\u00edaz dej\u00f3 entrever que la pertenencia de la pareja al espacio de Cambiemos tiene fecha de vencimiento. \u00abNosotros, en verdad [&hellip;]<\/p>\n","protected":false},"author":1,"featured_media":9510,"comment_status":"closed","ping_status":"open","sticky":false,"template":"","format":"standard","meta":{"footnotes":""},"categories":[29,20,48],"tags":[],"class_list":{"0":"post-9507","1":"post","2":"type-post","3":"status-publish","4":"format-standard","5":"has-post-thumbnail","7":"category-ituzaingo","8":"category-municipios","9":"category-politica-argentina"},"aioseo_notices":[],"_links":{"self":[{"href":"https:\/\/guiadenoticias.com.ar\/diario\/wp-json\/wp\/v2\/posts\/9507","targetHints":{"allow":["GET"]}}],"collection":[{"href":"https:\/\/guiadenoticias.com.ar\/diario\/wp-json\/wp\/v2\/posts"}],"about":[{"href":"https:\/\/guiadenoticias.com.ar\/diario\/wp-json\/wp\/v2\/types\/post"}],"author":[{"embeddable":true,"href":"https:\/\/guiadenoticias.com.ar\/diario\/wp-json\/wp\/v2\/users\/1"}],"replies":[{"embeddable":true,"href":"https:\/\/guiadenoticias.com.ar\/diario\/wp-json\/wp\/v2\/comments?post=9507"}],"version-history":[{"count":7,"href":"https:\/\/guiadenoticias.com.ar\/diario\/wp-json\/wp\/v2\/posts\/9507\/revisions"}],"predecessor-version":[{"id":9517,"href":"https:\/\/guiadenoticias.com.ar\/diario\/wp-json\/wp\/v2\/posts\/9507\/revisions\/9517"}],"wp:featuredmedia":[{"embeddable":true,"href":"https:\/\/guiadenoticias.com.ar\/diario\/wp-json\/wp\/v2\/media\/9510"}],"wp:attachment":[{"href":"https:\/\/guiadenoticias.com.ar\/diario\/wp-json\/wp\/v2\/media?parent=9507"}],"wp:term":[{"taxonomy":"category","embeddable":true,"href":"https:\/\/guiadenoticias.com.ar\/diario\/wp-json\/wp\/v2\/categories?post=9507"},{"taxonomy":"post_tag","embeddable":true,"href":"https:\/\/guiadenoticias.com.ar\/diario\/wp-json\/wp\/v2\/tags?post=9507"}],"curies":[{"name":"wp","href":"https:\/\/api.w.org\/{rel}","templated":true}]}}