{"id":9632,"date":"2017-11-30T00:48:53","date_gmt":"2017-11-30T03:48:53","guid":{"rendered":"http:\/\/guiadenoticias.com.ar\/diario\/?p=9632"},"modified":"2017-11-30T00:49:07","modified_gmt":"2017-11-30T03:49:07","slug":"jorge-alvarez-empiezo-una-nueva-construccion-politica","status":"publish","type":"post","link":"https:\/\/guiadenoticias.com.ar\/diario\/jorge-alvarez-empiezo-una-nueva-construccion-politica\/","title":{"rendered":"Jorge \u00c1lvarez: \u00abEmpiezo una nueva construcci\u00f3n pol\u00edtica\u00bb"},"content":{"rendered":"<p>El dirigente radical Jorge \u00c1lvarez N\u00fa\u00f1ez culminar\u00e1 el 10 de diciembre su segundo mandato consecutivo como concejal en San Isidro y har\u00e1 un par\u00e9ntesis en su actividad pol\u00edtica. \u00abCierro un ciclo de ocho a\u00f1os, en los que viv\u00ed las cosas m\u00e1s importantes de mi vida p\u00fablica y privada. En lo p\u00fablico pude representar a mis vecinos. En lo privado, lo empec\u00e9 como hijo y lo termin\u00e9 como padre, que considero que es el mayor crecimiento que una persona vivencia\u00bb, repas\u00f3 ante Gu\u00eda de Noticias.<\/p>\n<p>El edil possista celebr\u00f3 la semana pasada, seg\u00fan sus palabras, \u00abel cierre de una etapa y el comienzo de otra\u00bb con un brindis en un tradicional sal\u00f3n del Bajo San Isidro. El evento convoc\u00f3, entre otros, al intendente Gustavo Posse, el dos veces presidente de la Uni\u00f3n C\u00edvica Radical Ernesto Sanz, el vicegobernador Daniel Salvador, el neurocient\u00edfico Facundo Manes, el ministro de Ciencia y Tecnolog\u00eda Jorge Elustondo y el presidente del Concejo Deliberante, Carlos Castellano. Del PRO se acerc\u00f3 el titular de la Agencia de Administraci\u00f3n de Bienes del Estado, Ram\u00f3n Lan\u00fas.<\/p>\n<p>No se perdieron la fiesta tanto concejales peronistas y dirigentes del sindicalismo municipal, como representantes de empresas automotrices, tabacaleras, de tecnolog\u00eda y de las telecomunicaciones de estrecho v\u00ednculo con \u00abEl Panadero\u00bb. El vecino de Mart\u00ednez calific\u00f3 como \u00abuna devoluci\u00f3n de respeto\u00bb la presencia de cada uno de sus invitados.<\/p>\n<p><strong>Habla del inicio de una nueva etapa, \u00bfa qu\u00e9 se refiere con esto?<\/strong><\/p>\n<p>Porque empezamos una nueva etapa de aprendizaje. Y tambi\u00e9n una nueva etapa de construcci\u00f3n pol\u00edtica, en la cual tenemos para darle a la sociedad y los vecinos un aporte de muchos a\u00f1os de trabajo. Estamos construyendo un espacio de trabajo que va en la misma l\u00ednea de lo que hicimos siempre, ponderando a quienes m\u00e1s lo necesitan: las personas sin DNI, los inmigrantes, los desocupados, los que menos tienen y las minor\u00edas, a las cuales dedique parte de mi vida pol\u00edtica. Es el inicio de una etapa donde vamos a darle forma a una corriente pol\u00edtica dentro de Cambiemos, con muchas de estas banderas.<\/p>\n<p><strong>\u00bfEn su\u00a0 fiesta se vio el espectro en que se mueve para dar construir su corriente pol\u00edtica?<\/strong><\/p>\n<p>M\u00e1s bien fue una invitaci\u00f3n a muchos amigos con los cuales compart\u00ed muchos de estos ocho a\u00f1os, y muchos otros con los que voy a seguir haciendo pol\u00edtica. La pol\u00edtica me dio amistades como las de Ernesto Sanz, Daniel Salvador y Facundo Manes. Y tambi\u00e9n hermanos de la vida como Fabio Quetglas, que ahora asume como diputado nacional por Cambiemos, y Guillermo Su\u00e1rez, que asume como legislador porte\u00f1o por Vamos Juntos. Tambi\u00e9n fue importante celebrar con quienes compart\u00ed el \u00e1mbito de trabajo deliberante. No soy de los que se toman la pol\u00edtica como cuesti\u00f3n de vida o muerte. Para m\u00ed la actividad pol\u00edtica es una disciplina del poder, pero no impide construir relaciones personales.<\/p>\n<p><strong>PASADO Y FUTURO<\/strong><\/p>\n<p>Con un ciclo en la funci\u00f3n p\u00fablica finalizado, el dirigente hizo un racconto, pero promete volver a la arena pol\u00edtica. En su agenda ser\u00e1 prioridad la concreci\u00f3n de las iniciativas sociales que impulsa como presidente del IADEEP, aunque admite que lo tientan para ejecutarlas con un cargo desde el Estado nacional. Pero sobre todo, promete la mayor de sus atenciones a Manuel, su primer hijo reci\u00e9n nacido.<\/p>\n<p><strong>En el balance de su tiempo como concejal, \u00bfqu\u00e9 logros destaca?<\/strong><\/p>\n<p>En lo personal aprend\u00ed a escuchar, que no es com\u00fan en la pol\u00edtica. En lo pol\u00edtico, creo que hice un aporte llevando la bandera de los que m\u00e1s lo necesitan en el Concejo Deliberante. Se plasm\u00f3 con iniciativas en el Concejo y tambi\u00e9n en el Ejecutivo. Lo hicimos con las personas sin DNI, como con la creaci\u00f3n de la primera oficina de asesoramiento en adopciones en toda la provincia de Buenos Aires y la creaci\u00f3n de un Consejo Municipal de la Ni\u00f1ez para que la infancia tenga visibilidad en la agenda pol\u00edtica. En materia de reivindicaciones pol\u00edticas, desde mi banca acompa\u00f1\u00e9 el primer casamiento de una chica trans en Buenos Aires y una lucha de los derechos civiles en nuestro pa\u00eds como el de la identidad de g\u00e9nero. Despu\u00e9s pude incorporar en la agenda el uso de la bicicleta en la ciudad y logr\u00e9 promover una Ordenanza al respecto. Y trat\u00e9 de mostrar el esp\u00edritu de la norma, el porqu\u00e9 de lo que votaba.<\/p>\n<p><strong>\u00bfQu\u00e9 qued\u00f3 pendiente?<\/strong><\/p>\n<p>Me gustar\u00eda haber podido llevar m\u00e1s cosas de consenso con otras fuerzas. Y algunas cuestiones personales, me pas\u00f3 de ver que mucha gente que va a apoyar al campe\u00f3n, pero cuando se baja del ring lo deja de lado. Esta es una de las cosas que me decepcion\u00f3 de este proceso.<\/p>\n<p><strong>Sin embargo, no se va a bajar de la actividad pol\u00edtica. \u00bfQu\u00e9 depara su futuro p\u00fablico?<\/strong><\/p>\n<p>Lo primero que har\u00e9 es destinar mi mayor cantidad de tiempo en la crianza de mi primer hijo, que tiene dos meses de vida. Despu\u00e9s del verano retomar\u00e9 la actividad pol\u00edtica. Quiero cerrar la situaci\u00f3n de las personas que est\u00e1n sin DNI en la Argentina, por eso estoy colaborando con organismos nacionales y el Gobierno con un proyecto en esa l\u00ednea, que seguramente el a\u00f1o pr\u00f3ximo se har\u00e1 p\u00fablica. Me dedicar\u00e9 a eso, pero no s\u00e9 si lo voy a hacer desde la sociedad civil o desde el Estado. Como en toda decisi\u00f3n hay pros y contras. Estoy c\u00f3modo acompa\u00f1ando al Gobierno, pero quiz\u00e1 desde otro lugar, no s\u00e9 si me sentir\u00eda tan c\u00f3modo en el Ejecutivo nacional.<\/p>\n","protected":false},"excerpt":{"rendered":"<p>El dirigente radical Jorge \u00c1lvarez N\u00fa\u00f1ez culminar\u00e1 el 10 de diciembre su segundo mandato consecutivo como concejal en San Isidro y har\u00e1 un par\u00e9ntesis en su actividad pol\u00edtica. \u00abCierro un ciclo de ocho a\u00f1os, en los que viv\u00ed las cosas m\u00e1s importantes de mi vida p\u00fablica y privada. En lo p\u00fablico pude representar a mis [&hellip;]<\/p>\n","protected":false},"author":1,"featured_media":9633,"comment_status":"closed","ping_status":"open","sticky":false,"template":"","format":"standard","meta":{"footnotes":""},"categories":[20,48,21],"tags":[],"class_list":{"0":"post-9632","1":"post","2":"type-post","3":"status-publish","4":"format-standard","5":"has-post-thumbnail","7":"category-municipios","8":"category-politica-argentina","9":"category-san-isidro"},"aioseo_notices":[],"_links":{"self":[{"href":"https:\/\/guiadenoticias.com.ar\/diario\/wp-json\/wp\/v2\/posts\/9632","targetHints":{"allow":["GET"]}}],"collection":[{"href":"https:\/\/guiadenoticias.com.ar\/diario\/wp-json\/wp\/v2\/posts"}],"about":[{"href":"https:\/\/guiadenoticias.com.ar\/diario\/wp-json\/wp\/v2\/types\/post"}],"author":[{"embeddable":true,"href":"https:\/\/guiadenoticias.com.ar\/diario\/wp-json\/wp\/v2\/users\/1"}],"replies":[{"embeddable":true,"href":"https:\/\/guiadenoticias.com.ar\/diario\/wp-json\/wp\/v2\/comments?post=9632"}],"version-history":[{"count":1,"href":"https:\/\/guiadenoticias.com.ar\/diario\/wp-json\/wp\/v2\/posts\/9632\/revisions"}],"predecessor-version":[{"id":9634,"href":"https:\/\/guiadenoticias.com.ar\/diario\/wp-json\/wp\/v2\/posts\/9632\/revisions\/9634"}],"wp:featuredmedia":[{"embeddable":true,"href":"https:\/\/guiadenoticias.com.ar\/diario\/wp-json\/wp\/v2\/media\/9633"}],"wp:attachment":[{"href":"https:\/\/guiadenoticias.com.ar\/diario\/wp-json\/wp\/v2\/media?parent=9632"}],"wp:term":[{"taxonomy":"category","embeddable":true,"href":"https:\/\/guiadenoticias.com.ar\/diario\/wp-json\/wp\/v2\/categories?post=9632"},{"taxonomy":"post_tag","embeddable":true,"href":"https:\/\/guiadenoticias.com.ar\/diario\/wp-json\/wp\/v2\/tags?post=9632"}],"curies":[{"name":"wp","href":"https:\/\/api.w.org\/{rel}","templated":true}]}}