{"id":9838,"date":"2017-12-26T22:17:15","date_gmt":"2017-12-27T01:17:15","guid":{"rendered":"http:\/\/guiadenoticias.com.ar\/diario\/?p=9838"},"modified":"2017-12-26T22:17:46","modified_gmt":"2017-12-27T01:17:46","slug":"raul-mazzeo-hay-una-iniciativa-politica-en-contra-de-los-trabajadores","status":"publish","type":"post","link":"https:\/\/guiadenoticias.com.ar\/diario\/raul-mazzeo-hay-una-iniciativa-politica-en-contra-de-los-trabajadores\/","title":{"rendered":"Ra\u00fal Mazzeo: \u201cHay una iniciativa pol\u00edtica en contra de los trabajadores\u201d"},"content":{"rendered":"<p>A d\u00edas de terminar mandato como concejal y antes de la llegada de un 2018 en el cual comenzar\u00e1n a trazarse nuevamente estrategias electorales, Ra\u00fal Mazzeo anunci\u00f3 en conferencia de prensa que abandona la mesa Cambiemos Tres de Febrero, motivado es su discrepancia con el rumbo de los gobiernos nacional y provincial. Sin embargo reiter\u00f3 elogios a la gesti\u00f3n local.<\/p>\n<p>\u201cVengo de formar parte de la mesa de Cambiemos. A partir de la fecha tomo distancia a ra\u00edz de situaciones que son de p\u00fablico conocimiento\u201d, coment\u00f3 el dirigente del gremio de Municipales, reci\u00e9n jubilado por motivos de salud, y remarc\u00f3: \u201cHay una iniciativa pol\u00edtica en contra de los trabajadores\u201d.<\/p>\n<p>Enumer\u00f3 las principales medidas que aceleraron la decisi\u00f3n. \u201cEn la provincia de Buenos Aires atravesamos una situaci\u00f3n muy dif\u00edcil con el Instituto de Previsi\u00f3n Social (IPS), que se cre\u00f3 a los efectos de velar por la jubilaci\u00f3n de los trabajadores bonaerenses. Hay un proyecto, que postergaron su tratamiento para marzo, que afecta a los estatales. Es una iniciativa que no se condice con las pol\u00edticas que se ven\u00edan desarrollando en los \u00faltimos dos a\u00f1os\u201d.<\/p>\n<p>Adem\u00e1s, Mazzeo mencion\u00f3, \u201ctodos fuimos testigos de la aprobaci\u00f3n de la reforma a la ley Previsional, que no es buena para el sector pasivo. Es conceptualmente errada\u201d. Cit\u00f3 asimismo la afectaci\u00f3n de la caja de los bancarios.<\/p>\n<p>De todos modos aclar\u00f3, \u201csigo pensando que Diego Valenzuela tiene hasta ahora una excelente administraci\u00f3n. En estos dos a\u00f1os hizo una pol\u00edtica cuasi peronista. Esperemos que siga en esta l\u00ednea\u201d. Y agreg\u00f3, \u201cno veo a nadie de la oposici\u00f3n con una alternativa superadora\u201d.<\/p>\n<p>A su vez reiter\u00f3 sus cr\u00edticas contra el kirchnerismo: \u201cPienso que el kirchnerismo dej\u00f3 un pa\u00eds devastado, que es funcional a la derecha argentina\u201d. Y carg\u00f3 las tintas contra la estructura partidaria; \u201cpienso que el PJ sigue eligiendo a los peores representantes. Con este PJ no quiero saber nada\u201d, \u00a0adelant\u00f3. Tampoco con el Frente Renovador, \u201cMassa ya fue, est\u00e1 viendo c\u00f3mo reinsertarse en otra estructura\u201d.<\/p>\n<p>Tras \u201cbancar\u201d a Oscar Ruggiero, secretario del Sindicato de Trabajadores Municipales, descart\u00f3 un frente de conflicto gremial con el Ejecutivo comunal. Mazzeo asegur\u00f3 que no tiene informaci\u00f3n sobre una inminente reducci\u00f3n de la planta municipal.<\/p>\n<p>No adelant\u00f3 sus pr\u00f3ximos pasos, pero arriesg\u00f3 un pron\u00f3stico: \u201cVeo una continuidad del oficialismo en 2019, salvo que haya alguna crisis imprevista\u201d.<\/p>\n","protected":false},"excerpt":{"rendered":"<p>A d\u00edas de terminar mandato como concejal y antes de la llegada de un 2018 en el cual comenzar\u00e1n a trazarse nuevamente estrategias electorales, Ra\u00fal Mazzeo anunci\u00f3 en conferencia de prensa que abandona la mesa Cambiemos Tres de Febrero, motivado es su discrepancia con el rumbo de los gobiernos nacional y provincial. Sin embargo reiter\u00f3 [&hellip;]<\/p>\n","protected":false},"author":1,"featured_media":9839,"comment_status":"closed","ping_status":"open","sticky":false,"template":"","format":"standard","meta":{"footnotes":""},"categories":[20,48,26],"tags":[],"class_list":{"0":"post-9838","1":"post","2":"type-post","3":"status-publish","4":"format-standard","5":"has-post-thumbnail","7":"category-municipios","8":"category-politica-argentina","9":"category-tres-de-febrero"},"aioseo_notices":[],"_links":{"self":[{"href":"https:\/\/guiadenoticias.com.ar\/diario\/wp-json\/wp\/v2\/posts\/9838","targetHints":{"allow":["GET"]}}],"collection":[{"href":"https:\/\/guiadenoticias.com.ar\/diario\/wp-json\/wp\/v2\/posts"}],"about":[{"href":"https:\/\/guiadenoticias.com.ar\/diario\/wp-json\/wp\/v2\/types\/post"}],"author":[{"embeddable":true,"href":"https:\/\/guiadenoticias.com.ar\/diario\/wp-json\/wp\/v2\/users\/1"}],"replies":[{"embeddable":true,"href":"https:\/\/guiadenoticias.com.ar\/diario\/wp-json\/wp\/v2\/comments?post=9838"}],"version-history":[{"count":1,"href":"https:\/\/guiadenoticias.com.ar\/diario\/wp-json\/wp\/v2\/posts\/9838\/revisions"}],"predecessor-version":[{"id":9840,"href":"https:\/\/guiadenoticias.com.ar\/diario\/wp-json\/wp\/v2\/posts\/9838\/revisions\/9840"}],"wp:featuredmedia":[{"embeddable":true,"href":"https:\/\/guiadenoticias.com.ar\/diario\/wp-json\/wp\/v2\/media\/9839"}],"wp:attachment":[{"href":"https:\/\/guiadenoticias.com.ar\/diario\/wp-json\/wp\/v2\/media?parent=9838"}],"wp:term":[{"taxonomy":"category","embeddable":true,"href":"https:\/\/guiadenoticias.com.ar\/diario\/wp-json\/wp\/v2\/categories?post=9838"},{"taxonomy":"post_tag","embeddable":true,"href":"https:\/\/guiadenoticias.com.ar\/diario\/wp-json\/wp\/v2\/tags?post=9838"}],"curies":[{"name":"wp","href":"https:\/\/api.w.org\/{rel}","templated":true}]}}